{"id":758,"date":"2022-11-30T10:06:51","date_gmt":"2022-11-30T08:06:51","guid":{"rendered":"https:\/\/xn--karlheinz-bhm-schule-ebc.de\/?p=758"},"modified":"2022-11-30T10:07:27","modified_gmt":"2022-11-30T08:07:27","slug":"online-eltern-talk-2","status":"publish","type":"post","link":"https:\/\/xn--karlheinz-bhm-schule-ebc.de\/?p=758","title":{"rendered":"Online-Eltern-Talk"},"content":{"rendered":"\n<p><strong>\u201eDas erste eigene Smartphone \u2013 was ist dabei wichtig?\u201c\u200e<\/strong><\/p>\n\n\n\n<p>Am 08.12.2022 von 20:00 \u2013 21:00 Uhr veranstaltet Click smart &#8211; Mediennetzwerk WMK einen \u200eOnline-Eltern-Talk zum Thema \u201eDas erste eigene Smartphone \u2013 was ist dabei wichtig?\u201c.<\/p>\n\n\n\n<p>Nach \u200eeinem kurzen Vortrag mit Informationen und Tipps f\u00fcr Eltern gibt es gen\u00fcgend Raum f\u00fcr \u200eFragen und zum Austausch.\u200e<\/p>\n\n\n\n<p>Weihnachten r\u00fcckt n\u00e4her und damit w\u00e4chst bei vielen Kindern der Wunsch nach einem \u200eeigenen Smartphone &#8211; h\u00e4ufig auch verst\u00e4rkt durch den Gruppendruck im Freundeskreis. \u200e<\/p>\n\n\n\n<p>Viele Eltern sind unsicher, wann Kinder ein Smartphone bekommen sollten und was es \u200edabei zu beachten gibt.\u200e<\/p>\n\n\n\n<ul class=\"wp-block-list\">\n<li>Ab welchem Alter ist ein Smartphone sinnvoll?<\/li>\n\n\n\n<li>Welche Apps sind angesagt?<\/li>\n\n\n\n<li>Woran erkenne \u200eich geeignete Apps f\u00fcr Kinder?<\/li>\n\n\n\n<li>Welche Einstellungen oder Filter-Apps zur \u200eKindersicherung gibt es?<\/li>\n\n\n\n<li>Welche Regeln zur Nutzung sollte ich mit meinem Kind vereinbaren?<\/li>\n\n\n\n<li>Und \u200ewie finde ich die Balance zwischen \u201eKontrollieren\u201c und Begleiten? \u200e<\/li>\n<\/ul>\n\n\n\n<p>Fragen \u00fcber Fragen, die an diesem Termin gemeinsam gekl\u00e4rt werden sollen. Die \u200eTeilnehmenden erhalten Tipps f\u00fcr die Ersteinrichtung des Smartphones, den t\u00e4glichen \u200eUmgang und zur Mediennutzung.\u200e<\/p>\n\n\n\n<p>Referenten: Dirk Rudolph (Medienzentrum Werra-Mei\u00dfner-Kreis) und Armin Bahl \u200e\u200e(Jugendf\u00f6rderung Werra-Mei\u00dfner-Kreis). \u200e<\/p>\n\n\n\n<p>Angemeldet werden kann sich \u200e\u00fcber die Webseite&nbsp;<a href=\"https:\/\/t1p.de\/OET9\" target=\"_blank\" rel=\"noreferrer noopener\">https:\/\/t1p.de\/OET9<\/a><\/p>\n\n\n\n<p>Die Teilnehmenden erhalten einen Link, mit dem sie sich an dem betreffenden \u200e\u200eVeranstaltungstag in die Videokonferenz einw\u00e4hlen k\u00f6nnen.<\/p>\n\n\n\n<p>Zur Teilnahme werden ein \u200eComputer, Mikrofon, stabiles Internet und optional eine Webcam ben\u00f6tigt. Eine Teilnahme \u200e\u00fcber Smartphone ist auch m\u00f6glich, wird aber nicht empfohlen.\u200e<\/p>\n\n\n\n<p>Diese Veranstaltung wird als Kooperationsveranstaltung des Mediennetzwerkes &#8222;Click \u200eSmart&#8220; \u200eorganisiert und durchgef\u00fchrt.<\/p>\n\n\n\n<p>Kontakt und weitere Informationen zum Netzwerk \u200eunter \u200e&nbsp;<a href=\"https:\/\/clicksmart-wmk.de\/\" target=\"_blank\" rel=\"noreferrer noopener\">https:\/\/clicksmart-wmk.de<\/a>&nbsp;oder \u200ebei der Jugendf\u00f6rderung des Werra-Mei\u00dfner-Kreises \u200eunter Tel. 05651 \u200e\u200e302-1452.\u200e<\/p>\n","protected":false},"excerpt":{"rendered":"<p>\u201eDas erste eigene Smartphone \u2013 was ist dabei wichtig?\u201c\u200e Am 08.12.2022 von 20:00 \u2013 21:00 Uhr veranstaltet Click smart &#8211; Mediennetzwerk WMK einen \u200eOnline-Eltern-Talk zum Thema \u201eDas erste eigene Smartphone \u2013 was ist dabei wichtig?\u201c. Nach \u200eeinem kurzen Vortrag mit Informationen und Tipps f\u00fcr Eltern gibt es gen\u00fcgend Raum f\u00fcr \u200eFragen und zum Austausch.\u200e Weihnachten [&hellip;]<\/p>\n","protected":false},"author":3,"featured_media":0,"comment_status":"closed","ping_status":"open","sticky":false,"template":"","format":"standard","meta":{"inline_featured_image":false,"footnotes":""},"categories":[12],"tags":[],"class_list":["post-758","post","type-post","status-publish","format-standard","hentry","category-unterricht"],"_links":{"self":[{"href":"https:\/\/xn--karlheinz-bhm-schule-ebc.de\/index.php?rest_route=\/wp\/v2\/posts\/758","targetHints":{"allow":["GET"]}}],"collection":[{"href":"https:\/\/xn--karlheinz-bhm-schule-ebc.de\/index.php?rest_route=\/wp\/v2\/posts"}],"about":[{"href":"https:\/\/xn--karlheinz-bhm-schule-ebc.de\/index.php?rest_route=\/wp\/v2\/types\/post"}],"author":[{"embeddable":true,"href":"https:\/\/xn--karlheinz-bhm-schule-ebc.de\/index.php?rest_route=\/wp\/v2\/users\/3"}],"replies":[{"embeddable":true,"href":"https:\/\/xn--karlheinz-bhm-schule-ebc.de\/index.php?rest_route=%2Fwp%2Fv2%2Fcomments&post=758"}],"version-history":[{"count":2,"href":"https:\/\/xn--karlheinz-bhm-schule-ebc.de\/index.php?rest_route=\/wp\/v2\/posts\/758\/revisions"}],"predecessor-version":[{"id":760,"href":"https:\/\/xn--karlheinz-bhm-schule-ebc.de\/index.php?rest_route=\/wp\/v2\/posts\/758\/revisions\/760"}],"wp:attachment":[{"href":"https:\/\/xn--karlheinz-bhm-schule-ebc.de\/index.php?rest_route=%2Fwp%2Fv2%2Fmedia&parent=758"}],"wp:term":[{"taxonomy":"category","embeddable":true,"href":"https:\/\/xn--karlheinz-bhm-schule-ebc.de\/index.php?rest_route=%2Fwp%2Fv2%2Fcategories&post=758"},{"taxonomy":"post_tag","embeddable":true,"href":"https:\/\/xn--karlheinz-bhm-schule-ebc.de\/index.php?rest_route=%2Fwp%2Fv2%2Ftags&post=758"}],"curies":[{"name":"wp","href":"https:\/\/api.w.org\/{rel}","templated":true}]}}