{"id":1682,"date":"2025-11-28T07:36:07","date_gmt":"2025-11-28T06:36:07","guid":{"rendered":"https:\/\/xn--karlheinz-bhm-schule-ebc.de\/?p=1682"},"modified":"2025-11-28T07:37:30","modified_gmt":"2025-11-28T06:37:30","slug":"onlineelterntalk-am-04-12-2025-zum-thema-mein-erstes-eigenes-smartphone","status":"publish","type":"post","link":"https:\/\/xn--karlheinz-bhm-schule-ebc.de\/?p=1682","title":{"rendered":"OnlineElternTalk am 04.12.2025 zum Thema &#8222;Mein erstes eigenes Smartphone&#8220;"},"content":{"rendered":"\n<p>Das Mediennetzwerk \u201eClick Smart\u201c bietet am <strong>04.12.2025 von 20:00 \u2013 21:00 Uhr<\/strong> einen <strong>digitalen Eltern-Talk<\/strong> zu dem Thema <strong>\u201eMein erstes eigenes Smartphone&#8220;<\/strong> an.&nbsp;<\/p>\n\n\n\n<p>Weihnachten r\u00fcckt n\u00e4her und damit w\u00e4chst bei vielen Kindern der Wunsch nach einem eigenen Smartphone &#8211; h\u00e4ufig auch verst\u00e4rkt durch den Gruppendruck im Freundeskreis. Viele Eltern sind unsicher, wann Kinder ein Smartphone bekommen sollten und was es dabei zu beachten gibt.<\/p>\n\n\n\n<div class=\"wp-block-group\"><div class=\"wp-block-group__inner-container is-layout-constrained wp-block-group-is-layout-constrained\">\n<ul class=\"wp-block-list\">\n<li>Ab welchem Alter ist ein Smartphone sinnvoll?<\/li>\n<\/ul>\n\n\n\n<ul class=\"wp-block-list\">\n<li>Was sind m\u00f6gliche Auswirkungen einer (zu) fr\u00fchen Smartphonenutzung?<\/li>\n<\/ul>\n\n\n\n<ul class=\"wp-block-list\">\n<li>Welche Apps sind angesagt?<\/li>\n<\/ul>\n\n\n\n<ul class=\"wp-block-list\">\n<li>Was sind sinnvolle Einstellungen oder Filter-Apps zur Kindersicherung?<\/li>\n<\/ul>\n\n\n\n<ul class=\"wp-block-list\">\n<li>Was bedeutet die Einrichtung von \u201eSmartphone-Schutzzonen\u201c in Schulen?<\/li>\n<\/ul>\n\n\n\n<ul class=\"wp-block-list\">\n<li>Welche Regeln zur Nutzung sollten Eltern mit ihrem Kind vereinbaren?<\/li>\n<\/ul>\n\n\n\n<ul class=\"wp-block-list\">\n<li>Und wie findet sich die Balance zwischen Kontrollieren und Begleiten?<\/li>\n<\/ul>\n<\/div><\/div>\n\n\n\n<p>Eltern erhalten Tipps f\u00fcr die Ersteinrichtung des Smartphones, den t\u00e4glichen Umgang und zur Mediennutzung. Daneben bleibt noch gen\u00fcgend Zeit f\u00fcr Austausch und Fragen.<\/p>\n\n\n\n<p>Die Referenten dieses Abends sind Armin Bahl (Jugendf\u00f6rderung Werra-Mei\u00dfner-Kreis) und Dirk Rudolph (Medienzentrum Werra-Mei\u00dfner-Kreis).<\/p>\n\n\n\n<p><strong>Anmeldung:<\/strong> <a href=\"https:\/\/t1p.de\/OET31\" target=\"_blank\" rel=\"noreferrer noopener\">https:\/\/t1p.de\/OET31<\/a>.<\/p>\n\n\n\n<p>Die Teilnehmenden erhalten nach Anmeldung einen Link, mit dem sie sich an dem betreffenden Veranstaltungstag in die Videokonferenz einw\u00e4hlen k\u00f6nnen. Zur Teilnahme werden ein Computer, Mikrofon, stabiles Internet und optional eine Webcam ben\u00f6tigt. Eine Teilnahme \u00fcber Smartphone ist auch m\u00f6glich, wird aber nicht empfohlen.<\/p>\n","protected":false},"excerpt":{"rendered":"<p>Das Mediennetzwerk \u201eClick Smart\u201c bietet am 04.12.2025 von 20:00 \u2013 21:00 Uhr einen digitalen Eltern-Talk zu dem Thema \u201eMein erstes eigenes Smartphone&#8220; an.&nbsp; Weihnachten r\u00fcckt n\u00e4her und damit w\u00e4chst bei vielen Kindern der Wunsch nach einem eigenen Smartphone &#8211; h\u00e4ufig auch verst\u00e4rkt durch den Gruppendruck im Freundeskreis. Viele Eltern sind unsicher, wann Kinder ein Smartphone [&hellip;]<\/p>\n","protected":false},"author":3,"featured_media":0,"comment_status":"closed","ping_status":"open","sticky":false,"template":"","format":"standard","meta":{"inline_featured_image":false,"footnotes":""},"categories":[12],"tags":[],"class_list":["post-1682","post","type-post","status-publish","format-standard","hentry","category-unterricht"],"_links":{"self":[{"href":"https:\/\/xn--karlheinz-bhm-schule-ebc.de\/index.php?rest_route=\/wp\/v2\/posts\/1682","targetHints":{"allow":["GET"]}}],"collection":[{"href":"https:\/\/xn--karlheinz-bhm-schule-ebc.de\/index.php?rest_route=\/wp\/v2\/posts"}],"about":[{"href":"https:\/\/xn--karlheinz-bhm-schule-ebc.de\/index.php?rest_route=\/wp\/v2\/types\/post"}],"author":[{"embeddable":true,"href":"https:\/\/xn--karlheinz-bhm-schule-ebc.de\/index.php?rest_route=\/wp\/v2\/users\/3"}],"replies":[{"embeddable":true,"href":"https:\/\/xn--karlheinz-bhm-schule-ebc.de\/index.php?rest_route=%2Fwp%2Fv2%2Fcomments&post=1682"}],"version-history":[{"count":3,"href":"https:\/\/xn--karlheinz-bhm-schule-ebc.de\/index.php?rest_route=\/wp\/v2\/posts\/1682\/revisions"}],"predecessor-version":[{"id":1686,"href":"https:\/\/xn--karlheinz-bhm-schule-ebc.de\/index.php?rest_route=\/wp\/v2\/posts\/1682\/revisions\/1686"}],"wp:attachment":[{"href":"https:\/\/xn--karlheinz-bhm-schule-ebc.de\/index.php?rest_route=%2Fwp%2Fv2%2Fmedia&parent=1682"}],"wp:term":[{"taxonomy":"category","embeddable":true,"href":"https:\/\/xn--karlheinz-bhm-schule-ebc.de\/index.php?rest_route=%2Fwp%2Fv2%2Fcategories&post=1682"},{"taxonomy":"post_tag","embeddable":true,"href":"https:\/\/xn--karlheinz-bhm-schule-ebc.de\/index.php?rest_route=%2Fwp%2Fv2%2Ftags&post=1682"}],"curies":[{"name":"wp","href":"https:\/\/api.w.org\/{rel}","templated":true}]}}